{"id":1634,"date":"2025-02-12T15:31:47","date_gmt":"2025-02-12T15:31:47","guid":{"rendered":"https:\/\/ateliers.grandpalaisrmn.fr\/blog\/?p=1634"},"modified":"2025-04-15T15:02:06","modified_gmt":"2025-04-15T15:02:06","slug":"exposition-universelle-dosaka","status":"publish","type":"post","link":"https:\/\/ateliers.grandpalaisrmn.fr\/blog\/exposition-universelle-dosaka\/","title":{"rendered":"Exposition universelle d\u2019Osaka : l\u2019atelier de Moulage d\u00e9voile ses chefs-d\u2019\u0153uvre"},"content":{"rendered":"<p>28\u00a0millions de visiteurs attendus, 161\u00a0pays r\u00e9unis, 155\u00a0hectares d\u2019expositions\u00a0: <a href=\"https:\/\/www.franceosaka2025.fr\/expo-2025-osaka\/un-evenement-international-majeur\" target=\"_blank\" rel=\"noopener\">l&rsquo;exposition universelle s<\/a>&lsquo;est ouverte \u00e0 Osaka le 13 avril. L\u2019atelier de moulage y pr\u00e9sente avec fiert\u00e9 quatre chefs-d\u2019\u0153uvre de la sculpture t\u00e9moignant de son savoir-faire unique et de sa passion pour l\u2019art. Cette participation prestigieuse, au sein du Pavillon France, fait rayonner notre patrimoine et cr\u00e9er des ponts entre les cultures autour du th\u00e8me universel de l\u2019amour.<\/p>\n<figure id=\"attachment_1705\" aria-describedby=\"caption-attachment-1705\" style=\"width: 600px\" class=\"wp-caption aligncenter\"><img loading=\"lazy\" decoding=\"async\" class=\"size-full wp-image-1705\" src=\"https:\/\/ateliers.grandpalaisrmn.fr\/blog\/wp-content\/uploads\/2025\/02\/version-2_600.jpg\" alt=\"\" width=\"600\" height=\"617\" srcset=\"https:\/\/ateliers.grandpalaisrmn.fr\/blog\/wp-content\/uploads\/2025\/02\/version-2_600.jpg 600w, https:\/\/ateliers.grandpalaisrmn.fr\/blog\/wp-content\/uploads\/2025\/02\/version-2_600-292x300.jpg 292w\" sizes=\"auto, (max-width: 600px) 100vw, 600px\" \/><figcaption id=\"caption-attachment-1705\" class=\"wp-caption-text\"><span class=\"legende_image\">Jour d&rsquo;ouverture de l&rsquo;exposition universelle d&rsquo;Osaka 2025<\/span><\/figcaption><\/figure>\n<p><strong>Amour du patrimoine\u00a0<\/strong><br \/>\nDans la douce lumi\u00e8re de l\u2019atelier, des mains expertes peaufinaient <em>Psych\u00e9 ranim\u00e9e par le baiser de l\u2019Amour<\/em>, de Canova. Ultime moulage ex\u00e9cut\u00e9 pour l\u2019exposition d\u2019Osaka, cette \u0153uvre a rejoint <em>Mercure enlevant Psych\u00e9<\/em>, <em>Aphrodite (type V\u00e9nus G\u00e9nitrix<\/em>) et<em> L\u2019Apollon du Belv\u00e9d\u00e8re<\/em>, d\u00e9j\u00e0 install\u00e9s au Japon. Chaque geste, pr\u00e9cis et m\u00e9ticuleux, insuffle la vie \u00e0 ces chefs-d\u2019\u0153uvre mill\u00e9naires, destin\u00e9s \u00e0 \u00e9merveiller les visiteurs de l\u2019Exposition universelle. Une qu\u00eate de perfection pour rendre hommage \u00e0 notre h\u00e9ritage artistique.<br \/>\nSophie Radix, historienne de l\u2019art, programmatrice et commissaire d\u2019exposition au GrandPalaisRmn, a particip\u00e9 \u00e0 la s\u00e9lection de ces \u0153uvres\u00a0: \u00ab\u00a0Le Pavillon France propose une vision du futur o\u00f9 l\u2019amour est le fil conducteur, un langage universel qui transcende les cultures. Les chefs-d\u2019\u0153uvre que nous avons choisis s\u2019adressent \u00e0 la sensibilit\u00e9 et \u00e0 l\u2019imagination. Ils suscitent l\u2019admiration par le savoir-faire et la gr\u00e2ce qui s\u2019en d\u00e9gagent. Po\u00e8tes et sculpteurs se sont associ\u00e9s pour nous \u00e9merveiller\u00a0!<\/p>\n<figure id=\"attachment_1637\" aria-describedby=\"caption-attachment-1637\" style=\"width: 600px\" class=\"wp-caption aligncenter\"><img loading=\"lazy\" decoding=\"async\" class=\"size-full wp-image-1637\" src=\"https:\/\/ateliers.grandpalaisrmn.fr\/blog\/wp-content\/uploads\/2025\/02\/Sophie-Radix-_600.jpg\" alt=\"\" width=\"600\" height=\"444\" srcset=\"https:\/\/ateliers.grandpalaisrmn.fr\/blog\/wp-content\/uploads\/2025\/02\/Sophie-Radix-_600.jpg 600w, https:\/\/ateliers.grandpalaisrmn.fr\/blog\/wp-content\/uploads\/2025\/02\/Sophie-Radix-_600-300x222.jpg 300w\" sizes=\"auto, (max-width: 600px) 100vw, 600px\" \/><figcaption id=\"caption-attachment-1637\" class=\"wp-caption-text\"><span class=\"legende_image\">Sophie Radix, programmatrice et commissaire d\u2019exposition au GrandPalaisRmn, \u00e0 l&rsquo;atelier de Moulage<\/span><\/figcaption><\/figure>\n<p><strong>Dans la sculpture de Canova<\/strong><br \/>\nLe baiser de Cupidon r\u00e9veille Psych\u00e9 d\u2019un sommeil de mort : la passion et le d\u00e9sir s\u2019expriment tout \u00e0 la fois avec force et retenue. Les corps, d\u2019une perfection formelle typique du n\u00e9oclassicisme, s\u2019enlacent dans une \u00e9treinte aussi subtile que sensuelle. Plus qu\u2019une simple repr\u00e9sentation de l\u2019amour, l\u2019\u0153uvre est une all\u00e9gorie de l\u2019existence humaine. Apr\u00e8s bien des \u00e9preuves, l\u2019\u00e2me (Psych\u00e9) meurt, mais l\u2019amour divin (Cupidon) lui redonne vie et, mieux, la rend immortelle\u2026 Ce chef-d\u2019\u0153uvre de Canova est un t\u00e9moignage de la capacit\u00e9 de l\u2019art \u00e0 nous \u00e9mouvoir et \u00e0 nous inviter \u00e0 la r\u00e9flexion sur l\u2019amour mais aussi sur le sens des \u00e9preuves dans nos vies et, peut-\u00eatre, sur la spiritualit\u00e9. \u00bb<\/p>\n<figure id=\"attachment_1639\" aria-describedby=\"caption-attachment-1639\" style=\"width: 600px\" class=\"wp-caption aligncenter\"><img loading=\"lazy\" decoding=\"async\" class=\"size-full wp-image-1639\" src=\"https:\/\/ateliers.grandpalaisrmn.fr\/blog\/wp-content\/uploads\/2025\/02\/moule3D_600.jpg\" alt=\"\" width=\"600\" height=\"450\" srcset=\"https:\/\/ateliers.grandpalaisrmn.fr\/blog\/wp-content\/uploads\/2025\/02\/moule3D_600.jpg 600w, https:\/\/ateliers.grandpalaisrmn.fr\/blog\/wp-content\/uploads\/2025\/02\/moule3D_600-300x225.jpg 300w\" sizes=\"auto, (max-width: 600px) 100vw, 600px\" \/><figcaption id=\"caption-attachment-1639\" class=\"wp-caption-text\"><span class=\"legende_image\">Moule 3D de <em>Psych\u00e9 ranim\u00e9e par le baiser de l\u2019Amour<\/em><\/span><\/figcaption><\/figure>\n<p><strong>Un m\u00e9tier, des savoir-faire, exerc\u00e9s avec passion<\/strong><br \/>\n\u00ab\u00a0Si l\u2019\u00e9motion esth\u00e9tique est au c\u0153ur de l\u2019exp\u00e9rience artistique, la transmission et l\u2019\u00e9volution des savoir-faire sont \u00e9galement essentielles. Notre \u00e9tablissement a un vrai r\u00f4le \u00e0 jouer \u00e0 l\u2019Exposition universelle, poursuit la cheffe du d\u00e9partement des Ateliers d\u2019art, Sophie Prieto. Depuis deux si\u00e8cles, l\u2019atelier de moulage fait revivre les plus grands chefs-d\u2019\u0153uvre de la sculpture en fabriquant des reproductions de haute qualit\u00e9 \u00e0 partir d\u2019\u0153uvres originales. Des proc\u00e9d\u00e9s uniques, m\u00ealant l\u2019exigence de la tradition \u00e0 l\u2019excellence de la modernit\u00e9, y contribuent. Creuset de savoir-faire, notre atelier participe \u00e0 la diffusion de l\u2019art et de la culture, fort de la richesse de nos collections de moules, issues de diverses \u00e9poques et des quatre coins du monde.<\/p>\n<figure id=\"attachment_1660\" aria-describedby=\"caption-attachment-1660\" style=\"width: 600px\" class=\"wp-caption aligncenter\"><img loading=\"lazy\" decoding=\"async\" class=\"size-full wp-image-1660\" src=\"https:\/\/ateliers.grandpalaisrmn.fr\/blog\/wp-content\/uploads\/2025\/02\/Erick-Thiant_operateur-3D_600.jpg\" alt=\"\" width=\"600\" height=\"600\" srcset=\"https:\/\/ateliers.grandpalaisrmn.fr\/blog\/wp-content\/uploads\/2025\/02\/Erick-Thiant_operateur-3D_600.jpg 600w, https:\/\/ateliers.grandpalaisrmn.fr\/blog\/wp-content\/uploads\/2025\/02\/Erick-Thiant_operateur-3D_600-300x300.jpg 300w, https:\/\/ateliers.grandpalaisrmn.fr\/blog\/wp-content\/uploads\/2025\/02\/Erick-Thiant_operateur-3D_600-150x150.jpg 150w\" sizes=\"auto, (max-width: 600px) 100vw, 600px\" \/><figcaption id=\"caption-attachment-1660\" class=\"wp-caption-text\"><span class=\"legende_image\">Prise d&#8217;empreintes num\u00e9riques par scanner 3D, par notre agence photographique GrandPalaisRmn<\/span><\/figcaption><\/figure>\n<p>Notre engagement ne s\u2019arr\u00eate pas l\u00e0. Nos \u00e9quipes sont anim\u00e9es par un d\u00e9sir constant de d\u00e9veloppement et de r\u00e9flexion en mati\u00e8re de technologies. L\u2019un des moulages a \u00e9t\u00e9 con\u00e7u \u00e0 partir d\u2019<a href=\"https:\/\/ateliers.grandpalaisrmn.fr\/blog\/scan-3d-une-belle-collaboration-avec-lagence-photographique\/\">une empreinte 3D<\/a>, et tous sont fabriqu\u00e9s avec de la r\u00e9sine charg\u00e9e de poudre de marbre. Ainsi, ces parfaites r\u00e9pliques r\u00e9sisteront aux intemp\u00e9ries, conform\u00e9ment \u00e0 notre souhait ; nous sommes en effet tr\u00e8s soucieux de leur p\u00e9rennit\u00e9. Enfin, l\u2019\u00e9coresponsabilit\u00e9 est au c\u0153ur de nos pr\u00e9occupations. Nos \u00e9quipes s\u2019investissent beaucoup dans la <a href=\"https:\/\/ateliers.grandpalaisrmn.fr\/fr\/sculptures\/qui-sommes-nous\/materiaux-ecoresponsables-et-innovation-pour-la-decoration-d-interieur\">recherche de mat\u00e9riaux r\u00e9cup\u00e9rables et valorisables<\/a>. La <em>grande T\u00eate d\u2019idole des Cyclades<\/em> r\u00e9alis\u00e9e \u00e0 partir de marc de caf\u00e9, audacieuse m\u00e9tamorphose, en est un exemple frappant. Et comment ne pas \u00e9voquer le pl\u00e2tre, mat\u00e9riau noble, recyclable \u00e0 l\u2019infini, symbole de notre engagement envers une \u00e9conomie circulaire\u00a0?\u00a0\u00bb<\/p>\n<p>En 1900, l\u2019Exposition universelle, c\u00e9l\u00e9brant alors le \u00ab bilan d\u2019un si\u00e8cle \u00bb, exposait nos moulages, et il en est de m\u00eame en 2025 : des tirages issus de notre atelier ont fait le voyage \u00e0 Osaka, portant avec eux l\u2019amour du patrimoine et d\u2019un savoir-faire ancestral, sans cesse aiguis\u00e9 par le go\u00fbt de la recherche qui anime nos artisans.<\/p>\n<p style=\"text-align: center;\"><a class=\"button_notice\" href=\"https:\/\/ateliers.grandpalaisrmn.fr\/fr\/sculptures\/nos-collections\/collections-par-thematique\/genies-de-la-sculpture\">Explorez les moulages des g\u00e9nies de la sculpture<\/a><\/p>\n<p style=\"text-align: center;\"><a class=\"button_notice\" href=\"https:\/\/ateliers.grandpalaisrmn.fr\/fr\/sculptures\/PI007380\">Commandez un tirage de <em>Psych\u00e9 ranim\u00e9e par le baiser de l\u2019Amour<\/em><\/a><\/p>\n<p style=\"text-align: center;\"><a class=\"button_notice\" href=\"https:\/\/ateliers.grandpalaisrmn.fr\/fr\/lettre-information\">Abonnez-vous \u00e0 notre magazine<\/a><\/p>\n","protected":false},"excerpt":{"rendered":"<p>28\u00a0millions de visiteurs attendus, 161\u00a0pays r\u00e9unis, 155\u00a0hectares d\u2019expositions\u00a0: l&rsquo;exposition universelle s&lsquo;est ouverte \u00e0 Osaka le 13 avril. L\u2019atelier de moulage y pr\u00e9sente avec fiert\u00e9 quatre chefs-d\u2019\u0153uvre de la sculpture t\u00e9moignant de son savoir-faire unique et de sa passion pour l\u2019art. Cette participation prestigieuse, au sein du Pavillon France, fait rayonner notre patrimoine et cr\u00e9er des<\/p>\n<div id=\"read-more\"><a href=\"https:\/\/ateliers.grandpalaisrmn.fr\/blog\/exposition-universelle-dosaka\/\"> Lire la suite&#8230; <\/a><\/div>\n","protected":false},"author":1,"featured_media":1705,"comment_status":"closed","ping_status":"closed","sticky":false,"template":"","format":"standard","meta":{"footnotes":""},"categories":[2],"tags":[],"class_list":["post-1634","post","type-post","status-publish","format-standard","has-post-thumbnail","hentry","category-savoir-faire"],"yoast_head":"<!-- This site is optimized with the Yoast SEO plugin v26.9 - https:\/\/yoast.com\/product\/yoast-seo-wordpress\/ -->\n<title>Nos moulages \u00e0 l\u2019Exposition universelle 2025 d\u2019Osaka<\/title>\n<meta name=\"description\" content=\"Pr\u00e9paration de quatre moulages de nos collections pour une exposition au Pavillon France intitul\u00e9e \u00ab Coup de foudre \u00bb.\" \/>\n<meta name=\"robots\" content=\"index, follow, max-snippet:-1, max-image-preview:large, max-video-preview:-1\" \/>\n<link rel=\"canonical\" href=\"https:\/\/ateliers.grandpalaisrmn.fr\/blog\/exposition-universelle-dosaka\/\" \/>\n<meta property=\"og:locale\" content=\"fr_FR\" \/>\n<meta property=\"og:type\" content=\"article\" \/>\n<meta property=\"og:title\" content=\"Exposition universelle d\u2019Osaka : l\u2019atelier de Moulage d\u00e9voile ses chefs-d\u2019\u0153uvre\" \/>\n<meta property=\"og:description\" content=\"Pr\u00e9paration de quatre moulages de nos collections pour une exposition au Pavillon France intitul\u00e9e \u00ab Coup de foudre \u00bb.\" \/>\n<meta property=\"og:url\" content=\"https:\/\/ateliers.grandpalaisrmn.fr\/blog\/exposition-universelle-dosaka\/\" \/>\n<meta property=\"og:site_name\" content=\"Actualit\u00e9 des Ateliers d\u2019Art des Mus\u00e9es nationaux\" \/>\n<meta property=\"article:published_time\" content=\"2025-02-12T15:31:47+00:00\" \/>\n<meta property=\"article:modified_time\" content=\"2025-04-15T15:02:06+00:00\" \/>\n<meta property=\"og:image\" content=\"https:\/\/ateliers.grandpalaisrmn.fr\/blog\/wp-content\/uploads\/2025\/02\/perrine_600.jpg\" \/>\n\t<meta property=\"og:image:width\" content=\"600\" \/>\n\t<meta property=\"og:image:height\" content=\"447\" \/>\n\t<meta property=\"og:image:type\" content=\"image\/jpeg\" \/>\n<meta name=\"author\" content=\"admin\" \/>\n<meta name=\"twitter:card\" content=\"summary_large_image\" \/>\n<meta name=\"twitter:label1\" content=\"\u00c9crit par\" \/>\n\t<meta name=\"twitter:data1\" content=\"admin\" \/>\n\t<meta name=\"twitter:label2\" content=\"Dur\u00e9e de lecture estim\u00e9e\" \/>\n\t<meta name=\"twitter:data2\" content=\"5 minutes\" \/>\n<script type=\"application\/ld+json\" class=\"yoast-schema-graph\">{\"@context\":\"https:\/\/schema.org\",\"@graph\":[{\"@type\":\"Article\",\"@id\":\"https:\/\/ateliers.grandpalaisrmn.fr\/blog\/exposition-universelle-dosaka\/#article\",\"isPartOf\":{\"@id\":\"https:\/\/ateliers.grandpalaisrmn.fr\/blog\/exposition-universelle-dosaka\/\"},\"author\":{\"name\":\"admin\",\"@id\":\"https:\/\/ateliers.grandpalaisrmn.fr\/blog\/#\/schema\/person\/5093d0a42f68a4ca5eaadb7e965c5b19\"},\"headline\":\"Exposition universelle d\u2019Osaka : l\u2019atelier de Moulage d\u00e9voile ses chefs-d\u2019\u0153uvre\",\"datePublished\":\"2025-02-12T15:31:47+00:00\",\"dateModified\":\"2025-04-15T15:02:06+00:00\",\"mainEntityOfPage\":{\"@id\":\"https:\/\/ateliers.grandpalaisrmn.fr\/blog\/exposition-universelle-dosaka\/\"},\"wordCount\":860,\"image\":{\"@id\":\"https:\/\/ateliers.grandpalaisrmn.fr\/blog\/exposition-universelle-dosaka\/#primaryimage\"},\"thumbnailUrl\":\"https:\/\/ateliers.grandpalaisrmn.fr\/blog\/wp-content\/uploads\/2025\/02\/version-2_600.jpg\",\"articleSection\":[\"Savoir-faire\"],\"inLanguage\":\"fr-FR\"},{\"@type\":\"WebPage\",\"@id\":\"https:\/\/ateliers.grandpalaisrmn.fr\/blog\/exposition-universelle-dosaka\/\",\"url\":\"https:\/\/ateliers.grandpalaisrmn.fr\/blog\/exposition-universelle-dosaka\/\",\"name\":\"Nos moulages \u00e0 l\u2019Exposition universelle 2025 d\u2019Osaka\",\"isPartOf\":{\"@id\":\"https:\/\/ateliers.grandpalaisrmn.fr\/blog\/#website\"},\"primaryImageOfPage\":{\"@id\":\"https:\/\/ateliers.grandpalaisrmn.fr\/blog\/exposition-universelle-dosaka\/#primaryimage\"},\"image\":{\"@id\":\"https:\/\/ateliers.grandpalaisrmn.fr\/blog\/exposition-universelle-dosaka\/#primaryimage\"},\"thumbnailUrl\":\"https:\/\/ateliers.grandpalaisrmn.fr\/blog\/wp-content\/uploads\/2025\/02\/version-2_600.jpg\",\"datePublished\":\"2025-02-12T15:31:47+00:00\",\"dateModified\":\"2025-04-15T15:02:06+00:00\",\"author\":{\"@id\":\"https:\/\/ateliers.grandpalaisrmn.fr\/blog\/#\/schema\/person\/5093d0a42f68a4ca5eaadb7e965c5b19\"},\"description\":\"Pr\u00e9paration de quatre moulages de nos collections pour une exposition au Pavillon France intitul\u00e9e \u00ab Coup de foudre \u00bb.\",\"breadcrumb\":{\"@id\":\"https:\/\/ateliers.grandpalaisrmn.fr\/blog\/exposition-universelle-dosaka\/#breadcrumb\"},\"inLanguage\":\"fr-FR\",\"potentialAction\":[{\"@type\":\"ReadAction\",\"target\":[\"https:\/\/ateliers.grandpalaisrmn.fr\/blog\/exposition-universelle-dosaka\/\"]}]},{\"@type\":\"ImageObject\",\"inLanguage\":\"fr-FR\",\"@id\":\"https:\/\/ateliers.grandpalaisrmn.fr\/blog\/exposition-universelle-dosaka\/#primaryimage\",\"url\":\"https:\/\/ateliers.grandpalaisrmn.fr\/blog\/wp-content\/uploads\/2025\/02\/version-2_600.jpg\",\"contentUrl\":\"https:\/\/ateliers.grandpalaisrmn.fr\/blog\/wp-content\/uploads\/2025\/02\/version-2_600.jpg\",\"width\":600,\"height\":617,\"caption\":\"Jour d'ouverture de l'exposition universelle d'Osaka 2025\"},{\"@type\":\"BreadcrumbList\",\"@id\":\"https:\/\/ateliers.grandpalaisrmn.fr\/blog\/exposition-universelle-dosaka\/#breadcrumb\",\"itemListElement\":[{\"@type\":\"ListItem\",\"position\":1,\"name\":\"Home\",\"item\":\"https:\/\/ateliers.grandpalaisrmn.fr\/blog\/\"},{\"@type\":\"ListItem\",\"position\":2,\"name\":\"Exposition universelle d\u2019Osaka : l\u2019atelier de Moulage d\u00e9voile ses chefs-d\u2019\u0153uvre\"}]},{\"@type\":\"WebSite\",\"@id\":\"https:\/\/ateliers.grandpalaisrmn.fr\/blog\/#website\",\"url\":\"https:\/\/ateliers.grandpalaisrmn.fr\/blog\/\",\"name\":\"Actualit\u00e9 des Ateliers d\u2019Art des Mus\u00e9es nationaux\",\"description\":\"\",\"potentialAction\":[{\"@type\":\"SearchAction\",\"target\":{\"@type\":\"EntryPoint\",\"urlTemplate\":\"https:\/\/ateliers.grandpalaisrmn.fr\/blog\/?s={search_term_string}\"},\"query-input\":{\"@type\":\"PropertyValueSpecification\",\"valueRequired\":true,\"valueName\":\"search_term_string\"}}],\"inLanguage\":\"fr-FR\"},{\"@type\":\"Person\",\"@id\":\"https:\/\/ateliers.grandpalaisrmn.fr\/blog\/#\/schema\/person\/5093d0a42f68a4ca5eaadb7e965c5b19\",\"name\":\"admin\",\"image\":{\"@type\":\"ImageObject\",\"inLanguage\":\"fr-FR\",\"@id\":\"https:\/\/ateliers.grandpalaisrmn.fr\/blog\/#\/schema\/person\/image\/\",\"url\":\"https:\/\/secure.gravatar.com\/avatar\/b080e5062b580b283fd7217d271a7fdcbfee577db3562733609242ad3a91ab20?s=96&d=mm&r=g\",\"contentUrl\":\"https:\/\/secure.gravatar.com\/avatar\/b080e5062b580b283fd7217d271a7fdcbfee577db3562733609242ad3a91ab20?s=96&d=mm&r=g\",\"caption\":\"admin\"},\"url\":\"https:\/\/ateliers.grandpalaisrmn.fr\/blog\/author\/blog-admin_ateliers\/\"}]}<\/script>\n<!-- \/ Yoast SEO plugin. -->","yoast_head_json":{"title":"Nos moulages \u00e0 l\u2019Exposition universelle 2025 d\u2019Osaka","description":"Pr\u00e9paration de quatre moulages de nos collections pour une exposition au Pavillon France intitul\u00e9e \u00ab Coup de foudre \u00bb.","robots":{"index":"index","follow":"follow","max-snippet":"max-snippet:-1","max-image-preview":"max-image-preview:large","max-video-preview":"max-video-preview:-1"},"canonical":"https:\/\/ateliers.grandpalaisrmn.fr\/blog\/exposition-universelle-dosaka\/","og_locale":"fr_FR","og_type":"article","og_title":"Exposition universelle d\u2019Osaka : l\u2019atelier de Moulage d\u00e9voile ses chefs-d\u2019\u0153uvre","og_description":"Pr\u00e9paration de quatre moulages de nos collections pour une exposition au Pavillon France intitul\u00e9e \u00ab Coup de foudre \u00bb.","og_url":"https:\/\/ateliers.grandpalaisrmn.fr\/blog\/exposition-universelle-dosaka\/","og_site_name":"Actualit\u00e9 des Ateliers d\u2019Art des Mus\u00e9es nationaux","article_published_time":"2025-02-12T15:31:47+00:00","article_modified_time":"2025-04-15T15:02:06+00:00","og_image":[{"width":600,"height":447,"url":"https:\/\/ateliers.grandpalaisrmn.fr\/blog\/wp-content\/uploads\/2025\/02\/perrine_600.jpg","type":"image\/jpeg"}],"author":"admin","twitter_card":"summary_large_image","twitter_misc":{"\u00c9crit par":"admin","Dur\u00e9e de lecture estim\u00e9e":"5 minutes"},"schema":{"@context":"https:\/\/schema.org","@graph":[{"@type":"Article","@id":"https:\/\/ateliers.grandpalaisrmn.fr\/blog\/exposition-universelle-dosaka\/#article","isPartOf":{"@id":"https:\/\/ateliers.grandpalaisrmn.fr\/blog\/exposition-universelle-dosaka\/"},"author":{"name":"admin","@id":"https:\/\/ateliers.grandpalaisrmn.fr\/blog\/#\/schema\/person\/5093d0a42f68a4ca5eaadb7e965c5b19"},"headline":"Exposition universelle d\u2019Osaka : l\u2019atelier de Moulage d\u00e9voile ses chefs-d\u2019\u0153uvre","datePublished":"2025-02-12T15:31:47+00:00","dateModified":"2025-04-15T15:02:06+00:00","mainEntityOfPage":{"@id":"https:\/\/ateliers.grandpalaisrmn.fr\/blog\/exposition-universelle-dosaka\/"},"wordCount":860,"image":{"@id":"https:\/\/ateliers.grandpalaisrmn.fr\/blog\/exposition-universelle-dosaka\/#primaryimage"},"thumbnailUrl":"https:\/\/ateliers.grandpalaisrmn.fr\/blog\/wp-content\/uploads\/2025\/02\/version-2_600.jpg","articleSection":["Savoir-faire"],"inLanguage":"fr-FR"},{"@type":"WebPage","@id":"https:\/\/ateliers.grandpalaisrmn.fr\/blog\/exposition-universelle-dosaka\/","url":"https:\/\/ateliers.grandpalaisrmn.fr\/blog\/exposition-universelle-dosaka\/","name":"Nos moulages \u00e0 l\u2019Exposition universelle 2025 d\u2019Osaka","isPartOf":{"@id":"https:\/\/ateliers.grandpalaisrmn.fr\/blog\/#website"},"primaryImageOfPage":{"@id":"https:\/\/ateliers.grandpalaisrmn.fr\/blog\/exposition-universelle-dosaka\/#primaryimage"},"image":{"@id":"https:\/\/ateliers.grandpalaisrmn.fr\/blog\/exposition-universelle-dosaka\/#primaryimage"},"thumbnailUrl":"https:\/\/ateliers.grandpalaisrmn.fr\/blog\/wp-content\/uploads\/2025\/02\/version-2_600.jpg","datePublished":"2025-02-12T15:31:47+00:00","dateModified":"2025-04-15T15:02:06+00:00","author":{"@id":"https:\/\/ateliers.grandpalaisrmn.fr\/blog\/#\/schema\/person\/5093d0a42f68a4ca5eaadb7e965c5b19"},"description":"Pr\u00e9paration de quatre moulages de nos collections pour une exposition au Pavillon France intitul\u00e9e \u00ab Coup de foudre \u00bb.","breadcrumb":{"@id":"https:\/\/ateliers.grandpalaisrmn.fr\/blog\/exposition-universelle-dosaka\/#breadcrumb"},"inLanguage":"fr-FR","potentialAction":[{"@type":"ReadAction","target":["https:\/\/ateliers.grandpalaisrmn.fr\/blog\/exposition-universelle-dosaka\/"]}]},{"@type":"ImageObject","inLanguage":"fr-FR","@id":"https:\/\/ateliers.grandpalaisrmn.fr\/blog\/exposition-universelle-dosaka\/#primaryimage","url":"https:\/\/ateliers.grandpalaisrmn.fr\/blog\/wp-content\/uploads\/2025\/02\/version-2_600.jpg","contentUrl":"https:\/\/ateliers.grandpalaisrmn.fr\/blog\/wp-content\/uploads\/2025\/02\/version-2_600.jpg","width":600,"height":617,"caption":"Jour d'ouverture de l'exposition universelle d'Osaka 2025"},{"@type":"BreadcrumbList","@id":"https:\/\/ateliers.grandpalaisrmn.fr\/blog\/exposition-universelle-dosaka\/#breadcrumb","itemListElement":[{"@type":"ListItem","position":1,"name":"Home","item":"https:\/\/ateliers.grandpalaisrmn.fr\/blog\/"},{"@type":"ListItem","position":2,"name":"Exposition universelle d\u2019Osaka : l\u2019atelier de Moulage d\u00e9voile ses chefs-d\u2019\u0153uvre"}]},{"@type":"WebSite","@id":"https:\/\/ateliers.grandpalaisrmn.fr\/blog\/#website","url":"https:\/\/ateliers.grandpalaisrmn.fr\/blog\/","name":"Actualit\u00e9 des Ateliers d\u2019Art des Mus\u00e9es nationaux","description":"","potentialAction":[{"@type":"SearchAction","target":{"@type":"EntryPoint","urlTemplate":"https:\/\/ateliers.grandpalaisrmn.fr\/blog\/?s={search_term_string}"},"query-input":{"@type":"PropertyValueSpecification","valueRequired":true,"valueName":"search_term_string"}}],"inLanguage":"fr-FR"},{"@type":"Person","@id":"https:\/\/ateliers.grandpalaisrmn.fr\/blog\/#\/schema\/person\/5093d0a42f68a4ca5eaadb7e965c5b19","name":"admin","image":{"@type":"ImageObject","inLanguage":"fr-FR","@id":"https:\/\/ateliers.grandpalaisrmn.fr\/blog\/#\/schema\/person\/image\/","url":"https:\/\/secure.gravatar.com\/avatar\/b080e5062b580b283fd7217d271a7fdcbfee577db3562733609242ad3a91ab20?s=96&d=mm&r=g","contentUrl":"https:\/\/secure.gravatar.com\/avatar\/b080e5062b580b283fd7217d271a7fdcbfee577db3562733609242ad3a91ab20?s=96&d=mm&r=g","caption":"admin"},"url":"https:\/\/ateliers.grandpalaisrmn.fr\/blog\/author\/blog-admin_ateliers\/"}]}},"_links":{"self":[{"href":"https:\/\/ateliers.grandpalaisrmn.fr\/blog\/wp-json\/wp\/v2\/posts\/1634","targetHints":{"allow":["GET"]}}],"collection":[{"href":"https:\/\/ateliers.grandpalaisrmn.fr\/blog\/wp-json\/wp\/v2\/posts"}],"about":[{"href":"https:\/\/ateliers.grandpalaisrmn.fr\/blog\/wp-json\/wp\/v2\/types\/post"}],"author":[{"embeddable":true,"href":"https:\/\/ateliers.grandpalaisrmn.fr\/blog\/wp-json\/wp\/v2\/users\/1"}],"replies":[{"embeddable":true,"href":"https:\/\/ateliers.grandpalaisrmn.fr\/blog\/wp-json\/wp\/v2\/comments?post=1634"}],"version-history":[{"count":26,"href":"https:\/\/ateliers.grandpalaisrmn.fr\/blog\/wp-json\/wp\/v2\/posts\/1634\/revisions"}],"predecessor-version":[{"id":1706,"href":"https:\/\/ateliers.grandpalaisrmn.fr\/blog\/wp-json\/wp\/v2\/posts\/1634\/revisions\/1706"}],"wp:featuredmedia":[{"embeddable":true,"href":"https:\/\/ateliers.grandpalaisrmn.fr\/blog\/wp-json\/wp\/v2\/media\/1705"}],"wp:attachment":[{"href":"https:\/\/ateliers.grandpalaisrmn.fr\/blog\/wp-json\/wp\/v2\/media?parent=1634"}],"wp:term":[{"taxonomy":"category","embeddable":true,"href":"https:\/\/ateliers.grandpalaisrmn.fr\/blog\/wp-json\/wp\/v2\/categories?post=1634"},{"taxonomy":"post_tag","embeddable":true,"href":"https:\/\/ateliers.grandpalaisrmn.fr\/blog\/wp-json\/wp\/v2\/tags?post=1634"}],"curies":[{"name":"wp","href":"https:\/\/api.w.org\/{rel}","templated":true}]}}