{"id":299,"date":"2020-05-20T12:12:44","date_gmt":"2020-05-20T12:12:44","guid":{"rendered":"https:\/\/ateliers.grandpalaisrmn.fr\/blog\/?p=299"},"modified":"2021-10-04T13:38:18","modified_gmt":"2021-10-04T13:38:18","slug":"couleurs-aux-ateliers-ii","status":"publish","type":"post","link":"https:\/\/ateliers.grandpalaisrmn.fr\/blog\/couleurs-aux-ateliers-ii\/","title":{"rendered":"Couleurs aux ateliers II"},"content":{"rendered":"<p align=\"justify\">La forme et la couleur sont indissociables de la cr\u00e9ation artistique. Aujourd\u2019hui, nous nous concentrons sur les couleurs aux Ateliers d\u2019art, afin de mettre en lumi\u00e8re l\u2019utilisation de la couleur dans nos diff\u00e9rentes cr\u00e9ations.<\/p>\n<h3 class=\"p3\" style=\"text-align: center;\">L&rsquo;Atelier de Chalcographie<\/h3>\n<figure id=\"attachment_303\" aria-describedby=\"caption-attachment-303\" style=\"width: 550px\" class=\"wp-caption aligncenter\"><img loading=\"lazy\" decoding=\"async\" class=\"wp-image-303\" src=\"https:\/\/ateliers.grandpalaisrmn.fr\/blog\/wp-content\/uploads\/2020\/04\/WhatsApp-Image-2020-03-19-at-12.02.41-1024x684.jpeg\" alt=\"\" width=\"550\" height=\"367\" srcset=\"https:\/\/ateliers.grandpalaisrmn.fr\/blog\/wp-content\/uploads\/2020\/04\/WhatsApp-Image-2020-03-19-at-12.02.41-1024x684.jpeg 1024w, https:\/\/ateliers.grandpalaisrmn.fr\/blog\/wp-content\/uploads\/2020\/04\/WhatsApp-Image-2020-03-19-at-12.02.41-300x200.jpeg 300w, https:\/\/ateliers.grandpalaisrmn.fr\/blog\/wp-content\/uploads\/2020\/04\/WhatsApp-Image-2020-03-19-at-12.02.41-768x513.jpeg 768w, https:\/\/ateliers.grandpalaisrmn.fr\/blog\/wp-content\/uploads\/2020\/04\/WhatsApp-Image-2020-03-19-at-12.02.41-1536x1025.jpeg 1536w, https:\/\/ateliers.grandpalaisrmn.fr\/blog\/wp-content\/uploads\/2020\/04\/WhatsApp-Image-2020-03-19-at-12.02.41.jpeg 1600w\" sizes=\"auto, (max-width: 550px) 100vw, 550px\" \/><figcaption id=\"caption-attachment-303\" class=\"wp-caption-text\"><span class=\"legende_image\">Le mot \u00ab Chalcographie \u00bb d\u00e9signe une technique de gravure et d\u2019impression au moyen d\u2019une presse taille-douce. Plus pr\u00e9cis\u00e9ment, il s\u2019agit d&rsquo;une planche m\u00e9tallique sur laquelle ont \u00e9t\u00e9 r\u00e9alis\u00e9es des incisions pour retenir l&rsquo;encre qui doit se fixer sur le papier.<\/span><\/figcaption><\/figure>\n<p align=\"justify\">L\u2019impression en taille douce des plaques anciennes de la collection de la Chalcographie n\u00e9cessite une recherche constante sur la composition des encres afin de retrouver tout l\u2019\u00e9clat de ces chefs d&rsquo;oeuvre du pass\u00e9.<\/p>\n<p align=\"justify\">Ce travail de mise au point des encres est d\u00e9termin\u00e9 par les caract\u00e9ristiques propres de la planche. L\u2019imprimeur peut \u00eatre amen\u00e9 \u00e0 rendre cette encre plus ou moins fluide, grasse, collante ou s\u00e8che, en utilisant de nombreux composants qui viendront modifier ses qualit\u00e9s originales : notamment des pigments, des r\u00e9sines, des vernis, des huiles ou des cires.<\/p>\n<p align=\"justify\"><img loading=\"lazy\" decoding=\"async\" class=\"aligncenter wp-image-304\" src=\"https:\/\/ateliers.grandpalaisrmn.fr\/blog\/wp-content\/uploads\/2020\/04\/WhatsApp-Image-2020-03-19-at-12.02.32-1024x685.jpeg\" alt=\"\" width=\"550\" height=\"368\" srcset=\"https:\/\/ateliers.grandpalaisrmn.fr\/blog\/wp-content\/uploads\/2020\/04\/WhatsApp-Image-2020-03-19-at-12.02.32-1024x685.jpeg 1024w, https:\/\/ateliers.grandpalaisrmn.fr\/blog\/wp-content\/uploads\/2020\/04\/WhatsApp-Image-2020-03-19-at-12.02.32-300x201.jpeg 300w, https:\/\/ateliers.grandpalaisrmn.fr\/blog\/wp-content\/uploads\/2020\/04\/WhatsApp-Image-2020-03-19-at-12.02.32-768x514.jpeg 768w, https:\/\/ateliers.grandpalaisrmn.fr\/blog\/wp-content\/uploads\/2020\/04\/WhatsApp-Image-2020-03-19-at-12.02.32-1536x1027.jpeg 1536w, https:\/\/ateliers.grandpalaisrmn.fr\/blog\/wp-content\/uploads\/2020\/04\/WhatsApp-Image-2020-03-19-at-12.02.32.jpeg 1600w\" sizes=\"auto, (max-width: 550px) 100vw, 550px\" \/><\/p>\n<p align=\"justify\">De m\u00eame, si la gravure est souvent per\u00e7ue comme monochromatique avec pour couleur dominante le noir, il est extr\u00eamement rare qu\u2019une planche ne soit qu&rsquo;imprim\u00e9e avec une sencre exclusivement compo\u00e9e de pigments noirs : ils sont toujours m\u00e9lang\u00e9s avec des pigments rouges, ocres, bleus, verts en fonction de la tonalit\u00e9 recherch\u00e9e, chaude ou froide.<\/p>\n<p style=\"text-align: center;\"><a href=\"https:\/\/ateliers.grandpalaisrmn.fr\/fr\/estampes\/KM006281\"><img loading=\"lazy\" decoding=\"async\" class=\"wp-image-305 size-full\" src=\"https:\/\/ateliers.grandpalaisrmn.fr\/blog\/wp-content\/uploads\/2020\/04\/chalco.jpg\" alt=\"Naissance de V\u00e9nus \u00e0 gauche Planche du globe c\u00e9leste de Coronelli \" width=\"700\" height=\"400\" srcset=\"https:\/\/ateliers.grandpalaisrmn.fr\/blog\/wp-content\/uploads\/2020\/04\/chalco.jpg 700w, https:\/\/ateliers.grandpalaisrmn.fr\/blog\/wp-content\/uploads\/2020\/04\/chalco-300x171.jpg 300w\" sizes=\"auto, (max-width: 700px) 100vw, 700px\" \/><\/a><\/p>\n<p style=\"text-align: center;\"><span class=\"legende_image\"><em>Naissance de V\u00e9nus<\/em> \u00e0 gauche ; planche du <em>Globe c\u00e9leste<\/em> de Coronelli \u00e0 droite<\/span><\/p>\n<p align=\"justify\">Le Saviez vous ?\u00a0<em>La vue de Paris de 1860<\/em> n\u00e9cessite 4 nuances encres : une pour le premier plan avec Notre Dame, une deuxi\u00e8me avec le second plan, la troisi\u00e8me pour le ciel et enfin la derni\u00e8re pour le titre.<\/p>\n<figure id=\"attachment_307\" aria-describedby=\"caption-attachment-307\" style=\"width: 550px\" class=\"wp-caption aligncenter\"><img loading=\"lazy\" decoding=\"async\" class=\"wp-image-307\" src=\"https:\/\/ateliers.grandpalaisrmn.fr\/blog\/wp-content\/uploads\/2020\/04\/KM002808-1024x670.jpg\" alt=\"\" width=\"550\" height=\"360\" srcset=\"https:\/\/ateliers.grandpalaisrmn.fr\/blog\/wp-content\/uploads\/2020\/04\/KM002808-1024x670.jpg 1024w, https:\/\/ateliers.grandpalaisrmn.fr\/blog\/wp-content\/uploads\/2020\/04\/KM002808-300x196.jpg 300w, https:\/\/ateliers.grandpalaisrmn.fr\/blog\/wp-content\/uploads\/2020\/04\/KM002808-768x502.jpg 768w, https:\/\/ateliers.grandpalaisrmn.fr\/blog\/wp-content\/uploads\/2020\/04\/KM002808-1536x1004.jpg 1536w, https:\/\/ateliers.grandpalaisrmn.fr\/blog\/wp-content\/uploads\/2020\/04\/KM002808-2048x1339.jpg 2048w, https:\/\/ateliers.grandpalaisrmn.fr\/blog\/wp-content\/uploads\/2020\/04\/KM002808-390x255.jpg 390w, https:\/\/ateliers.grandpalaisrmn.fr\/blog\/wp-content\/uploads\/2020\/04\/KM002808-600x393.jpg 600w, https:\/\/ateliers.grandpalaisrmn.fr\/blog\/wp-content\/uploads\/2020\/04\/KM002808-285x186.jpg 285w\" sizes=\"auto, (max-width: 550px) 100vw, 550px\" \/><figcaption id=\"caption-attachment-307\" class=\"wp-caption-text\"><span class=\"legende_image\">La vue de Paris de 1860<\/span><\/figcaption><\/figure>\n<p align=\"justify\">Dans certains cas, un v\u00e9ritable travail de chromiste est n\u00e9cessaire avant une nouvelle impression. Par exemple, lorsque plusieurs couleurs diff\u00e9rentes doivent \u00eatre appliqu\u00e9es sur une seule et m\u00eame planche.<\/p>\n<p align=\"justify\">Sur le <strong><span style=\"color: #bfa050;\"><a style=\"color: #bfa050;\" href=\"https:\/\/ateliers.grandpalaisrmn.fr\/fr\/estampes\/KM011083\"><em>Lac de Montagne<\/em><\/a><\/span><\/strong> de Louise Bourgeois, il y a une apposition des couleurs directement sur la m\u00eame matrice pour deux impressions sur la m\u00eame feuille. Un travail de mise au point est essentiel dans ce cas. Ce travail peut aller plus loin avec notamment la superposition de diff\u00e9rentes couleurs afin d&rsquo;obtenir la teinte d\u00e9sir\u00e9e. c\u2019est le cas notamment pour un ensemble de plaque r\u00e9alis\u00e9 par Jacques Villon, fr\u00e8re Marcel Duchamp. Ce talentueux graveur a grav\u00e9 des estampes d\u2019apr\u00e8s les plusieurs grands artistes du d\u00e9but du xx<sup>e\u00a0<\/sup>si\u00e8cle : Modigliani, Matisse, Seurat, C\u00e9zanne, Picasso&#8230;<\/p>\n<figure id=\"attachment_309\" aria-describedby=\"caption-attachment-309\" style=\"width: 550px\" class=\"wp-caption aligncenter\"><a href=\"https:\/\/ateliers.grandpalaisrmn.fr\/fr\/estampes\/KM011083\"><img loading=\"lazy\" decoding=\"async\" class=\"wp-image-309\" src=\"https:\/\/ateliers.grandpalaisrmn.fr\/blog\/wp-content\/uploads\/2020\/04\/KM011083-e1587486975602.jpg\" alt=\"Lac de montagne\" width=\"550\" height=\"411\" srcset=\"https:\/\/ateliers.grandpalaisrmn.fr\/blog\/wp-content\/uploads\/2020\/04\/KM011083-e1587486975602.jpg 700w, https:\/\/ateliers.grandpalaisrmn.fr\/blog\/wp-content\/uploads\/2020\/04\/KM011083-e1587486975602-300x224.jpg 300w, https:\/\/ateliers.grandpalaisrmn.fr\/blog\/wp-content\/uploads\/2020\/04\/KM011083-e1587486975602-200x150.jpg 200w\" sizes=\"auto, (max-width: 550px) 100vw, 550px\" \/><\/a><figcaption id=\"caption-attachment-309\" class=\"wp-caption-text\"><span class=\"legende_image\">Lac de montagne<\/span><\/figcaption><\/figure>\n<p align=\"justify\">Certaines estampes imprim\u00e9es \u00e0 l\u2019atelier de la Chalcographie du Louvre sont \u00e9galement amen\u00e9es \u00e0 \u00eatre rehauss\u00e9es par la suite \u00e0 l\u2019aquarelle par une coloriste. Les couleurs sont d\u00e9licatement appliqu\u00e9es au pinceau, \u00e0 partir d\u2019un mod\u00e8le <b>\u00ab\u00a0<\/b>couleurs\u00a0<b>\u00bb\u00a0<\/b>appel\u00e9 <b>\u00ab <\/b>sp\u00e9cimen<b>\u00bb<\/b>. Cette technique est surtout utilis\u00e9e pour les estampes anciennes de la collection notamment les planches grav\u00e9es \u00e0 l&rsquo;\u00e9poque de Louis XIV.<\/p>\n<figure id=\"attachment_311\" aria-describedby=\"caption-attachment-311\" style=\"width: 550px\" class=\"wp-caption aligncenter\"><a href=\"https:\/\/ateliers.grandpalaisrmn.fr\/fr\/estampes\/KC000939\"><img loading=\"lazy\" decoding=\"async\" class=\"wp-image-311\" src=\"https:\/\/ateliers.grandpalaisrmn.fr\/blog\/wp-content\/uploads\/2020\/04\/KC000939-e1587487314284.jpg\" alt=\"Diane et Blonde, chiennes de Louis XIV\" width=\"550\" height=\"359\" srcset=\"https:\/\/ateliers.grandpalaisrmn.fr\/blog\/wp-content\/uploads\/2020\/04\/KC000939-e1587487314284.jpg 654w, https:\/\/ateliers.grandpalaisrmn.fr\/blog\/wp-content\/uploads\/2020\/04\/KC000939-e1587487314284-300x196.jpg 300w, https:\/\/ateliers.grandpalaisrmn.fr\/blog\/wp-content\/uploads\/2020\/04\/KC000939-e1587487314284-390x255.jpg 390w, https:\/\/ateliers.grandpalaisrmn.fr\/blog\/wp-content\/uploads\/2020\/04\/KC000939-e1587487314284-600x393.jpg 600w, https:\/\/ateliers.grandpalaisrmn.fr\/blog\/wp-content\/uploads\/2020\/04\/KC000939-e1587487314284-285x186.jpg 285w\" sizes=\"auto, (max-width: 550px) 100vw, 550px\" \/><\/a><figcaption id=\"caption-attachment-311\" class=\"wp-caption-text\"><span class=\"legende_image\">Diane et Blonde, chiennes de Louis XIV\u00a0<br \/><\/span><\/figcaption><\/figure>\n<p style=\"text-align: center;\"><a class=\"button_notice\" href=\"https:\/\/ateliers.grandpalaisrmn.fr\/blog\/couleurs-aux-ateliers-i\/\">Les couleurs aux Ateliers I\u00a0<\/a><\/p>\n<p style=\"text-align: center;\"><a class=\"button_notice\" href=\"https:\/\/ateliers.grandpalaisrmn.fr\/fr\/estampes\/conservation-dune-collection-historique\">L&rsquo;Atelier de Chalcographie\u00a0<\/a><\/p>\n","protected":false},"excerpt":{"rendered":"<p>La forme et la couleur sont indissociables de la cr\u00e9ation artistique. Aujourd\u2019hui, nous nous concentrons sur les couleurs aux Ateliers d\u2019art, afin de mettre en lumi\u00e8re l\u2019utilisation de la couleur dans nos diff\u00e9rentes cr\u00e9ations. L&rsquo;Atelier de Chalcographie L\u2019impression en taille douce des plaques anciennes de la collection de la Chalcographie n\u00e9cessite une recherche constante sur<\/p>\n<div id=\"read-more\"><a href=\"https:\/\/ateliers.grandpalaisrmn.fr\/blog\/couleurs-aux-ateliers-ii\/\"> Lire la suite&#8230; <\/a><\/div>\n","protected":false},"author":1,"featured_media":311,"comment_status":"open","ping_status":"closed","sticky":false,"template":"","format":"standard","meta":{"footnotes":""},"categories":[2],"tags":[],"class_list":["post-299","post","type-post","status-publish","format-standard","has-post-thumbnail","hentry","category-savoir-faire"],"yoast_head":"<!-- This site is optimized with the Yoast SEO plugin v26.9 - https:\/\/yoast.com\/product\/yoast-seo-wordpress\/ -->\n<title>Couleurs aux ateliers II - Actualit\u00e9 des Ateliers d\u2019Art des Mus\u00e9es nationaux<\/title>\n<meta name=\"robots\" content=\"index, follow, max-snippet:-1, max-image-preview:large, max-video-preview:-1\" \/>\n<link rel=\"canonical\" href=\"https:\/\/ateliers.grandpalaisrmn.fr\/blog\/couleurs-aux-ateliers-ii\/\" \/>\n<meta property=\"og:locale\" content=\"fr_FR\" \/>\n<meta property=\"og:type\" content=\"article\" \/>\n<meta property=\"og:title\" content=\"Couleurs aux ateliers II - Actualit\u00e9 des Ateliers d\u2019Art des Mus\u00e9es nationaux\" \/>\n<meta property=\"og:description\" content=\"La forme et la couleur sont indissociables de la cr\u00e9ation artistique. Aujourd\u2019hui, nous nous concentrons sur les couleurs aux Ateliers d\u2019art, afin de mettre en lumi\u00e8re l\u2019utilisation de la couleur dans nos diff\u00e9rentes cr\u00e9ations. L&rsquo;Atelier de Chalcographie L\u2019impression en taille douce des plaques anciennes de la collection de la Chalcographie n\u00e9cessite une recherche constante sur Lire la suite...\" \/>\n<meta property=\"og:url\" content=\"https:\/\/ateliers.grandpalaisrmn.fr\/blog\/couleurs-aux-ateliers-ii\/\" \/>\n<meta property=\"og:site_name\" content=\"Actualit\u00e9 des Ateliers d\u2019Art des Mus\u00e9es nationaux\" \/>\n<meta property=\"article:published_time\" content=\"2020-05-20T12:12:44+00:00\" \/>\n<meta property=\"article:modified_time\" content=\"2021-10-04T13:38:18+00:00\" \/>\n<meta property=\"og:image\" content=\"https:\/\/ateliers.grandpalaisrmn.fr\/blog\/wp-content\/uploads\/2020\/04\/KC000939-e1587487314284.jpg\" \/>\n\t<meta property=\"og:image:width\" content=\"654\" \/>\n\t<meta property=\"og:image:height\" content=\"427\" \/>\n\t<meta property=\"og:image:type\" content=\"image\/jpeg\" \/>\n<meta name=\"author\" content=\"admin\" \/>\n<meta name=\"twitter:card\" content=\"summary_large_image\" \/>\n<meta name=\"twitter:label1\" content=\"\u00c9crit par\" \/>\n\t<meta name=\"twitter:data1\" content=\"admin\" \/>\n\t<meta name=\"twitter:label2\" content=\"Dur\u00e9e de lecture estim\u00e9e\" \/>\n\t<meta name=\"twitter:data2\" content=\"3 minutes\" \/>\n<script type=\"application\/ld+json\" class=\"yoast-schema-graph\">{\"@context\":\"https:\/\/schema.org\",\"@graph\":[{\"@type\":\"Article\",\"@id\":\"https:\/\/ateliers.grandpalaisrmn.fr\/blog\/couleurs-aux-ateliers-ii\/#article\",\"isPartOf\":{\"@id\":\"https:\/\/ateliers.grandpalaisrmn.fr\/blog\/couleurs-aux-ateliers-ii\/\"},\"author\":{\"name\":\"admin\",\"@id\":\"https:\/\/ateliers.grandpalaisrmn.fr\/blog\/#\/schema\/person\/5093d0a42f68a4ca5eaadb7e965c5b19\"},\"headline\":\"Couleurs aux ateliers II\",\"datePublished\":\"2020-05-20T12:12:44+00:00\",\"dateModified\":\"2021-10-04T13:38:18+00:00\",\"mainEntityOfPage\":{\"@id\":\"https:\/\/ateliers.grandpalaisrmn.fr\/blog\/couleurs-aux-ateliers-ii\/\"},\"wordCount\":575,\"commentCount\":1,\"image\":{\"@id\":\"https:\/\/ateliers.grandpalaisrmn.fr\/blog\/couleurs-aux-ateliers-ii\/#primaryimage\"},\"thumbnailUrl\":\"https:\/\/ateliers.grandpalaisrmn.fr\/blog\/wp-content\/uploads\/2020\/04\/KC000939-e1587487314284.jpg\",\"articleSection\":[\"Savoir-faire\"],\"inLanguage\":\"fr-FR\",\"potentialAction\":[{\"@type\":\"CommentAction\",\"name\":\"Comment\",\"target\":[\"https:\/\/ateliers.grandpalaisrmn.fr\/blog\/couleurs-aux-ateliers-ii\/#respond\"]}]},{\"@type\":\"WebPage\",\"@id\":\"https:\/\/ateliers.grandpalaisrmn.fr\/blog\/couleurs-aux-ateliers-ii\/\",\"url\":\"https:\/\/ateliers.grandpalaisrmn.fr\/blog\/couleurs-aux-ateliers-ii\/\",\"name\":\"Couleurs aux ateliers II - Actualit\u00e9 des Ateliers d\u2019Art des Mus\u00e9es nationaux\",\"isPartOf\":{\"@id\":\"https:\/\/ateliers.grandpalaisrmn.fr\/blog\/#website\"},\"primaryImageOfPage\":{\"@id\":\"https:\/\/ateliers.grandpalaisrmn.fr\/blog\/couleurs-aux-ateliers-ii\/#primaryimage\"},\"image\":{\"@id\":\"https:\/\/ateliers.grandpalaisrmn.fr\/blog\/couleurs-aux-ateliers-ii\/#primaryimage\"},\"thumbnailUrl\":\"https:\/\/ateliers.grandpalaisrmn.fr\/blog\/wp-content\/uploads\/2020\/04\/KC000939-e1587487314284.jpg\",\"datePublished\":\"2020-05-20T12:12:44+00:00\",\"dateModified\":\"2021-10-04T13:38:18+00:00\",\"author\":{\"@id\":\"https:\/\/ateliers.grandpalaisrmn.fr\/blog\/#\/schema\/person\/5093d0a42f68a4ca5eaadb7e965c5b19\"},\"breadcrumb\":{\"@id\":\"https:\/\/ateliers.grandpalaisrmn.fr\/blog\/couleurs-aux-ateliers-ii\/#breadcrumb\"},\"inLanguage\":\"fr-FR\",\"potentialAction\":[{\"@type\":\"ReadAction\",\"target\":[\"https:\/\/ateliers.grandpalaisrmn.fr\/blog\/couleurs-aux-ateliers-ii\/\"]}]},{\"@type\":\"ImageObject\",\"inLanguage\":\"fr-FR\",\"@id\":\"https:\/\/ateliers.grandpalaisrmn.fr\/blog\/couleurs-aux-ateliers-ii\/#primaryimage\",\"url\":\"https:\/\/ateliers.grandpalaisrmn.fr\/blog\/wp-content\/uploads\/2020\/04\/KC000939-e1587487314284.jpg\",\"contentUrl\":\"https:\/\/ateliers.grandpalaisrmn.fr\/blog\/wp-content\/uploads\/2020\/04\/KC000939-e1587487314284.jpg\",\"width\":654,\"height\":427},{\"@type\":\"BreadcrumbList\",\"@id\":\"https:\/\/ateliers.grandpalaisrmn.fr\/blog\/couleurs-aux-ateliers-ii\/#breadcrumb\",\"itemListElement\":[{\"@type\":\"ListItem\",\"position\":1,\"name\":\"Home\",\"item\":\"https:\/\/ateliers.grandpalaisrmn.fr\/blog\/\"},{\"@type\":\"ListItem\",\"position\":2,\"name\":\"Couleurs aux ateliers II\"}]},{\"@type\":\"WebSite\",\"@id\":\"https:\/\/ateliers.grandpalaisrmn.fr\/blog\/#website\",\"url\":\"https:\/\/ateliers.grandpalaisrmn.fr\/blog\/\",\"name\":\"Actualit\u00e9 des Ateliers d\u2019Art des Mus\u00e9es nationaux\",\"description\":\"\",\"potentialAction\":[{\"@type\":\"SearchAction\",\"target\":{\"@type\":\"EntryPoint\",\"urlTemplate\":\"https:\/\/ateliers.grandpalaisrmn.fr\/blog\/?s={search_term_string}\"},\"query-input\":{\"@type\":\"PropertyValueSpecification\",\"valueRequired\":true,\"valueName\":\"search_term_string\"}}],\"inLanguage\":\"fr-FR\"},{\"@type\":\"Person\",\"@id\":\"https:\/\/ateliers.grandpalaisrmn.fr\/blog\/#\/schema\/person\/5093d0a42f68a4ca5eaadb7e965c5b19\",\"name\":\"admin\",\"image\":{\"@type\":\"ImageObject\",\"inLanguage\":\"fr-FR\",\"@id\":\"https:\/\/ateliers.grandpalaisrmn.fr\/blog\/#\/schema\/person\/image\/\",\"url\":\"https:\/\/secure.gravatar.com\/avatar\/b080e5062b580b283fd7217d271a7fdcbfee577db3562733609242ad3a91ab20?s=96&d=mm&r=g\",\"contentUrl\":\"https:\/\/secure.gravatar.com\/avatar\/b080e5062b580b283fd7217d271a7fdcbfee577db3562733609242ad3a91ab20?s=96&d=mm&r=g\",\"caption\":\"admin\"},\"url\":\"https:\/\/ateliers.grandpalaisrmn.fr\/blog\/author\/blog-admin_ateliers\/\"}]}<\/script>\n<!-- \/ Yoast SEO plugin. -->","yoast_head_json":{"title":"Couleurs aux ateliers II - Actualit\u00e9 des Ateliers d\u2019Art des Mus\u00e9es nationaux","robots":{"index":"index","follow":"follow","max-snippet":"max-snippet:-1","max-image-preview":"max-image-preview:large","max-video-preview":"max-video-preview:-1"},"canonical":"https:\/\/ateliers.grandpalaisrmn.fr\/blog\/couleurs-aux-ateliers-ii\/","og_locale":"fr_FR","og_type":"article","og_title":"Couleurs aux ateliers II - Actualit\u00e9 des Ateliers d\u2019Art des Mus\u00e9es nationaux","og_description":"La forme et la couleur sont indissociables de la cr\u00e9ation artistique. Aujourd\u2019hui, nous nous concentrons sur les couleurs aux Ateliers d\u2019art, afin de mettre en lumi\u00e8re l\u2019utilisation de la couleur dans nos diff\u00e9rentes cr\u00e9ations. L&rsquo;Atelier de Chalcographie L\u2019impression en taille douce des plaques anciennes de la collection de la Chalcographie n\u00e9cessite une recherche constante sur Lire la suite...","og_url":"https:\/\/ateliers.grandpalaisrmn.fr\/blog\/couleurs-aux-ateliers-ii\/","og_site_name":"Actualit\u00e9 des Ateliers d\u2019Art des Mus\u00e9es nationaux","article_published_time":"2020-05-20T12:12:44+00:00","article_modified_time":"2021-10-04T13:38:18+00:00","og_image":[{"width":654,"height":427,"url":"https:\/\/ateliers.grandpalaisrmn.fr\/blog\/wp-content\/uploads\/2020\/04\/KC000939-e1587487314284.jpg","type":"image\/jpeg"}],"author":"admin","twitter_card":"summary_large_image","twitter_misc":{"\u00c9crit par":"admin","Dur\u00e9e de lecture estim\u00e9e":"3 minutes"},"schema":{"@context":"https:\/\/schema.org","@graph":[{"@type":"Article","@id":"https:\/\/ateliers.grandpalaisrmn.fr\/blog\/couleurs-aux-ateliers-ii\/#article","isPartOf":{"@id":"https:\/\/ateliers.grandpalaisrmn.fr\/blog\/couleurs-aux-ateliers-ii\/"},"author":{"name":"admin","@id":"https:\/\/ateliers.grandpalaisrmn.fr\/blog\/#\/schema\/person\/5093d0a42f68a4ca5eaadb7e965c5b19"},"headline":"Couleurs aux ateliers II","datePublished":"2020-05-20T12:12:44+00:00","dateModified":"2021-10-04T13:38:18+00:00","mainEntityOfPage":{"@id":"https:\/\/ateliers.grandpalaisrmn.fr\/blog\/couleurs-aux-ateliers-ii\/"},"wordCount":575,"commentCount":1,"image":{"@id":"https:\/\/ateliers.grandpalaisrmn.fr\/blog\/couleurs-aux-ateliers-ii\/#primaryimage"},"thumbnailUrl":"https:\/\/ateliers.grandpalaisrmn.fr\/blog\/wp-content\/uploads\/2020\/04\/KC000939-e1587487314284.jpg","articleSection":["Savoir-faire"],"inLanguage":"fr-FR","potentialAction":[{"@type":"CommentAction","name":"Comment","target":["https:\/\/ateliers.grandpalaisrmn.fr\/blog\/couleurs-aux-ateliers-ii\/#respond"]}]},{"@type":"WebPage","@id":"https:\/\/ateliers.grandpalaisrmn.fr\/blog\/couleurs-aux-ateliers-ii\/","url":"https:\/\/ateliers.grandpalaisrmn.fr\/blog\/couleurs-aux-ateliers-ii\/","name":"Couleurs aux ateliers II - Actualit\u00e9 des Ateliers d\u2019Art des Mus\u00e9es nationaux","isPartOf":{"@id":"https:\/\/ateliers.grandpalaisrmn.fr\/blog\/#website"},"primaryImageOfPage":{"@id":"https:\/\/ateliers.grandpalaisrmn.fr\/blog\/couleurs-aux-ateliers-ii\/#primaryimage"},"image":{"@id":"https:\/\/ateliers.grandpalaisrmn.fr\/blog\/couleurs-aux-ateliers-ii\/#primaryimage"},"thumbnailUrl":"https:\/\/ateliers.grandpalaisrmn.fr\/blog\/wp-content\/uploads\/2020\/04\/KC000939-e1587487314284.jpg","datePublished":"2020-05-20T12:12:44+00:00","dateModified":"2021-10-04T13:38:18+00:00","author":{"@id":"https:\/\/ateliers.grandpalaisrmn.fr\/blog\/#\/schema\/person\/5093d0a42f68a4ca5eaadb7e965c5b19"},"breadcrumb":{"@id":"https:\/\/ateliers.grandpalaisrmn.fr\/blog\/couleurs-aux-ateliers-ii\/#breadcrumb"},"inLanguage":"fr-FR","potentialAction":[{"@type":"ReadAction","target":["https:\/\/ateliers.grandpalaisrmn.fr\/blog\/couleurs-aux-ateliers-ii\/"]}]},{"@type":"ImageObject","inLanguage":"fr-FR","@id":"https:\/\/ateliers.grandpalaisrmn.fr\/blog\/couleurs-aux-ateliers-ii\/#primaryimage","url":"https:\/\/ateliers.grandpalaisrmn.fr\/blog\/wp-content\/uploads\/2020\/04\/KC000939-e1587487314284.jpg","contentUrl":"https:\/\/ateliers.grandpalaisrmn.fr\/blog\/wp-content\/uploads\/2020\/04\/KC000939-e1587487314284.jpg","width":654,"height":427},{"@type":"BreadcrumbList","@id":"https:\/\/ateliers.grandpalaisrmn.fr\/blog\/couleurs-aux-ateliers-ii\/#breadcrumb","itemListElement":[{"@type":"ListItem","position":1,"name":"Home","item":"https:\/\/ateliers.grandpalaisrmn.fr\/blog\/"},{"@type":"ListItem","position":2,"name":"Couleurs aux ateliers II"}]},{"@type":"WebSite","@id":"https:\/\/ateliers.grandpalaisrmn.fr\/blog\/#website","url":"https:\/\/ateliers.grandpalaisrmn.fr\/blog\/","name":"Actualit\u00e9 des Ateliers d\u2019Art des Mus\u00e9es nationaux","description":"","potentialAction":[{"@type":"SearchAction","target":{"@type":"EntryPoint","urlTemplate":"https:\/\/ateliers.grandpalaisrmn.fr\/blog\/?s={search_term_string}"},"query-input":{"@type":"PropertyValueSpecification","valueRequired":true,"valueName":"search_term_string"}}],"inLanguage":"fr-FR"},{"@type":"Person","@id":"https:\/\/ateliers.grandpalaisrmn.fr\/blog\/#\/schema\/person\/5093d0a42f68a4ca5eaadb7e965c5b19","name":"admin","image":{"@type":"ImageObject","inLanguage":"fr-FR","@id":"https:\/\/ateliers.grandpalaisrmn.fr\/blog\/#\/schema\/person\/image\/","url":"https:\/\/secure.gravatar.com\/avatar\/b080e5062b580b283fd7217d271a7fdcbfee577db3562733609242ad3a91ab20?s=96&d=mm&r=g","contentUrl":"https:\/\/secure.gravatar.com\/avatar\/b080e5062b580b283fd7217d271a7fdcbfee577db3562733609242ad3a91ab20?s=96&d=mm&r=g","caption":"admin"},"url":"https:\/\/ateliers.grandpalaisrmn.fr\/blog\/author\/blog-admin_ateliers\/"}]}},"_links":{"self":[{"href":"https:\/\/ateliers.grandpalaisrmn.fr\/blog\/wp-json\/wp\/v2\/posts\/299","targetHints":{"allow":["GET"]}}],"collection":[{"href":"https:\/\/ateliers.grandpalaisrmn.fr\/blog\/wp-json\/wp\/v2\/posts"}],"about":[{"href":"https:\/\/ateliers.grandpalaisrmn.fr\/blog\/wp-json\/wp\/v2\/types\/post"}],"author":[{"embeddable":true,"href":"https:\/\/ateliers.grandpalaisrmn.fr\/blog\/wp-json\/wp\/v2\/users\/1"}],"replies":[{"embeddable":true,"href":"https:\/\/ateliers.grandpalaisrmn.fr\/blog\/wp-json\/wp\/v2\/comments?post=299"}],"version-history":[{"count":29,"href":"https:\/\/ateliers.grandpalaisrmn.fr\/blog\/wp-json\/wp\/v2\/posts\/299\/revisions"}],"predecessor-version":[{"id":549,"href":"https:\/\/ateliers.grandpalaisrmn.fr\/blog\/wp-json\/wp\/v2\/posts\/299\/revisions\/549"}],"wp:featuredmedia":[{"embeddable":true,"href":"https:\/\/ateliers.grandpalaisrmn.fr\/blog\/wp-json\/wp\/v2\/media\/311"}],"wp:attachment":[{"href":"https:\/\/ateliers.grandpalaisrmn.fr\/blog\/wp-json\/wp\/v2\/media?parent=299"}],"wp:term":[{"taxonomy":"category","embeddable":true,"href":"https:\/\/ateliers.grandpalaisrmn.fr\/blog\/wp-json\/wp\/v2\/categories?post=299"},{"taxonomy":"post_tag","embeddable":true,"href":"https:\/\/ateliers.grandpalaisrmn.fr\/blog\/wp-json\/wp\/v2\/tags?post=299"}],"curies":[{"name":"wp","href":"https:\/\/api.w.org\/{rel}","templated":true}]}}