{"id":358,"date":"2020-05-25T17:28:31","date_gmt":"2020-05-25T17:28:31","guid":{"rendered":"https:\/\/ateliers.grandpalaisrmn.fr\/blog\/?p=358"},"modified":"2026-03-04T10:36:05","modified_gmt":"2026-03-04T10:36:05","slug":"la-renommee-chantier-au-versailles","status":"publish","type":"post","link":"https:\/\/ateliers.grandpalaisrmn.fr\/blog\/la-renommee-chantier-au-versailles\/","title":{"rendered":"Carnet de bord : chantier de la Renomm\u00e9e I"},"content":{"rendered":"<p align=\"justify\"><span style=\"font-weight: 400;\">En 2008, l\u2019Atelier de moulage s\u2019est vu confi\u00e9 le projet de <strong><span style=\"color: #a88342;\"><a style=\"color: #a88342;\" href=\"http:\/\/www.chateauversailles.fr\/actualites\/actualites-mecenat\/adoptez-statue-jardins-versailles#pour-que-ce-patrimoine-continue-a-defier-le-temps\">remplacement des sculptures originales<\/a><\/span><\/strong> du parc du ch\u00e2teau de Versailles. Depuis, nos experts ont r\u00e9alis\u00e9 plus que quatre-vingt\u00a0<\/span><span style=\"color: #85671b;\"><strong><a style=\"color: #85671b;\" href=\"https:\/\/ateliers.grandpalaisrmn.fr\/fr\/sculptures\/nos-savoir-faire\/de-la-prise-dempreintes-au-tirage\"><span style=\"color: #a88342;\">prises d\u2019empreinte<\/span><\/a><\/strong><\/span><span style=\"font-weight: 400;\"> sur les marbres originaux permettant ainsi des reproductions d\u2019une tr\u00e8s grande fid\u00e9lit\u00e9.<\/span><\/p>\n<p align=\"justify\">Aujourd\u2019hui, nous allons vous pr\u00e9senter le nouveau chantier de l\u2019Atelier de Moulage pour le ch\u00e2teau de Versailles.<\/p>\n<figure id=\"attachment_393\" aria-describedby=\"caption-attachment-393\" style=\"width: 400px\" class=\"wp-caption aligncenter\"><img loading=\"lazy\" decoding=\"async\" class=\"wp-image-393\" src=\"https:\/\/ateliers.grandpalaisrmn.fr\/blog\/wp-content\/uploads\/2020\/05\/renommee_original_versailles_prise_empreinte_moule-1-916x1024.jpg\" alt=\"\" width=\"400\" height=\"447\" srcset=\"https:\/\/ateliers.grandpalaisrmn.fr\/blog\/wp-content\/uploads\/2020\/05\/renommee_original_versailles_prise_empreinte_moule-1-916x1024.jpg 916w, https:\/\/ateliers.grandpalaisrmn.fr\/blog\/wp-content\/uploads\/2020\/05\/renommee_original_versailles_prise_empreinte_moule-1-268x300.jpg 268w, https:\/\/ateliers.grandpalaisrmn.fr\/blog\/wp-content\/uploads\/2020\/05\/renommee_original_versailles_prise_empreinte_moule-1-768x859.jpg 768w, https:\/\/ateliers.grandpalaisrmn.fr\/blog\/wp-content\/uploads\/2020\/05\/renommee_original_versailles_prise_empreinte_moule-1-687x768.jpg 687w, https:\/\/ateliers.grandpalaisrmn.fr\/blog\/wp-content\/uploads\/2020\/05\/renommee_original_versailles_prise_empreinte_moule-1.jpg 1050w\" sizes=\"auto, (max-width: 400px) 100vw, 400px\" \/><figcaption id=\"caption-attachment-393\" class=\"wp-caption-text\"><span class=\"legende_image\">L&rsquo;\u00e9quipe devant la Renomm\u00e9e<\/span><\/figcaption><\/figure>\n<p align=\"justify\">Une \u00e9quipe de 3 mouleurs part en chantier pour r\u00e9aliser un moule sur une des sculptures les plus impressionnantes du parc : <span style=\"color: #a88342;\"><strong><a style=\"color: #a88342;\" href=\"http:\/\/collections.chateauversailles.fr\/#8b0073ca-1ec1-4c46-91fd-69c356692053\">l<i>a Renomm\u00e9e du <span style=\"color: #a88342;\">Roi<\/span><\/i><\/a><\/strong><\/span> de Domenico Guidi, un ancien disciple du Bernin. Cette\u00a0 sculpture repr\u00e9sente un challenge par ses dimensions : 2,92 m de hauteur, 1,75m de Largeur et 1,09m de profondeur tout autant que par sa complexit\u00e9.<\/p>\n<figure id=\"attachment_365\" aria-describedby=\"caption-attachment-365\" style=\"width: 800px\" class=\"wp-caption aligncenter\"><img loading=\"lazy\" decoding=\"async\" class=\"wp-image-365\" src=\"https:\/\/ateliers.grandpalaisrmn.fr\/blog\/wp-content\/uploads\/2020\/05\/BLOG-2_-1024x576.png\" alt=\"La Renomm\u00e9e\" width=\"800\" height=\"450\" srcset=\"https:\/\/ateliers.grandpalaisrmn.fr\/blog\/wp-content\/uploads\/2020\/05\/BLOG-2_-1024x576.png 1024w, https:\/\/ateliers.grandpalaisrmn.fr\/blog\/wp-content\/uploads\/2020\/05\/BLOG-2_-300x169.png 300w, https:\/\/ateliers.grandpalaisrmn.fr\/blog\/wp-content\/uploads\/2020\/05\/BLOG-2_-768x432.png 768w, https:\/\/ateliers.grandpalaisrmn.fr\/blog\/wp-content\/uploads\/2020\/05\/BLOG-2_.png 1366w\" sizes=\"auto, (max-width: 800px) 100vw, 800px\" \/><figcaption id=\"caption-attachment-365\" class=\"wp-caption-text\"><span class=\"legende_image\">La Renomm\u00e9e<\/span><\/figcaption><\/figure>\n<p align=\"justify\">Command\u00e9e en 1677 par la surintendance des B\u00e2timents du roi, le marbre original repr\u00e9sente une Renomm\u00e9e, jeune femme ail\u00e9e, tenant le portrait du roi Louis XIV, tout en \u00e9crivant les hauts faits du\u00a0 souverain dans un livre support\u00e9 par l\u2019All\u00e9gorie du temps. Elle foule du <em>pied<\/em> <em>l\u2019Envie<\/em>, qui terrass\u00e9e, d\u00e9vore son propre coeur.<\/p>\n<p align=\"justify\">Plac\u00e9 au d\u00e9part sur le parterre de l\u2019orangerie du ch\u00e2teau de Versailles, il est a \u00e9t\u00e9 d\u00e9plac\u00e9 plusieurs fois avant de gagner son emplacement actuel au bassin de Neptune. Pour \u00eatre moul\u00e9, la sculpture a \u00e9t\u00e9 d\u00e9pos\u00e9e dans les petites \u00e9curies pour laisser la place aux mouleurs d\u2019intervenir Une fois l\u2019op\u00e9ration termin\u00e9e, elle va y rester afin de la prot\u00e9ger tant qu\u2019une reproduction en r\u00e9sine charg\u00e9e de marbre prendra sa place.<\/p>\n<p style=\"text-align: center;\" align=\"justify\"><a class=\"button_notice\" href=\"https:\/\/ateliers.grandpalaisrmn.fr\/blog\/chateau-de-versailles-prise-dempreinte-sur-les-sculptures-originales\/\">En savoir plus sur ce projet\u00a0<\/a><\/p>\n<p align=\"justify\"><span style=\"font-weight: 400;\">Suivez le carnet de bord de notre \u00e9quipe et d\u00e9couvrez au plus pr\u00e8s les coulisses de cette prise d\u2019empreinte hors norme.\u00a0<\/span><\/p>\n","protected":false},"excerpt":{"rendered":"<p>En 2008, l\u2019Atelier de moulage s\u2019est vu confi\u00e9 le projet de remplacement des sculptures originales du parc du ch\u00e2teau de Versailles. Depuis, nos experts ont r\u00e9alis\u00e9 plus que quatre-vingt\u00a0prises d\u2019empreinte sur les marbres originaux permettant ainsi des reproductions d\u2019une tr\u00e8s grande fid\u00e9lit\u00e9. Aujourd\u2019hui, nous allons vous pr\u00e9senter le nouveau chantier de l\u2019Atelier de Moulage pour<\/p>\n<div id=\"read-more\"><a href=\"https:\/\/ateliers.grandpalaisrmn.fr\/blog\/la-renommee-chantier-au-versailles\/\"> Lire la suite&#8230; <\/a><\/div>\n","protected":false},"author":1,"featured_media":377,"comment_status":"open","ping_status":"closed","sticky":false,"template":"","format":"standard","meta":{"footnotes":""},"categories":[8,2],"tags":[],"class_list":["post-358","post","type-post","status-publish","format-standard","has-post-thumbnail","hentry","category-prise-dempreinte","category-savoir-faire"],"yoast_head":"<!-- This site is optimized with the Yoast SEO plugin v26.9 - https:\/\/yoast.com\/product\/yoast-seo-wordpress\/ -->\n<title>Carnet de bord : chantier de la Renomm\u00e9e I - Actualit\u00e9 des Ateliers d\u2019Art des Mus\u00e9es nationaux<\/title>\n<meta name=\"robots\" content=\"index, follow, max-snippet:-1, max-image-preview:large, max-video-preview:-1\" \/>\n<link rel=\"canonical\" href=\"https:\/\/ateliers.grandpalaisrmn.fr\/blog\/la-renommee-chantier-au-versailles\/\" \/>\n<meta property=\"og:locale\" content=\"fr_FR\" \/>\n<meta property=\"og:type\" content=\"article\" \/>\n<meta property=\"og:title\" content=\"Carnet de bord : chantier de la Renomm\u00e9e I - Actualit\u00e9 des Ateliers d\u2019Art des Mus\u00e9es nationaux\" \/>\n<meta property=\"og:description\" content=\"En 2008, l\u2019Atelier de moulage s\u2019est vu confi\u00e9 le projet de remplacement des sculptures originales du parc du ch\u00e2teau de Versailles. Depuis, nos experts ont r\u00e9alis\u00e9 plus que quatre-vingt\u00a0prises d\u2019empreinte sur les marbres originaux permettant ainsi des reproductions d\u2019une tr\u00e8s grande fid\u00e9lit\u00e9. Aujourd\u2019hui, nous allons vous pr\u00e9senter le nouveau chantier de l\u2019Atelier de Moulage pour Lire la suite...\" \/>\n<meta property=\"og:url\" content=\"https:\/\/ateliers.grandpalaisrmn.fr\/blog\/la-renommee-chantier-au-versailles\/\" \/>\n<meta property=\"og:site_name\" content=\"Actualit\u00e9 des Ateliers d\u2019Art des Mus\u00e9es nationaux\" \/>\n<meta property=\"article:published_time\" content=\"2020-05-25T17:28:31+00:00\" \/>\n<meta property=\"article:modified_time\" content=\"2026-03-04T10:36:05+00:00\" \/>\n<meta property=\"og:image\" content=\"https:\/\/ateliers.grandpalaisrmn.fr\/blog\/wp-content\/uploads\/2020\/05\/WhatsApp-Image-2020-05-25-at-10.53.25-1.jpeg\" \/>\n\t<meta property=\"og:image:width\" content=\"1200\" \/>\n\t<meta property=\"og:image:height\" content=\"1599\" \/>\n\t<meta property=\"og:image:type\" content=\"image\/jpeg\" \/>\n<meta name=\"author\" content=\"admin\" \/>\n<meta name=\"twitter:card\" content=\"summary_large_image\" \/>\n<meta name=\"twitter:label1\" content=\"\u00c9crit par\" \/>\n\t<meta name=\"twitter:data1\" content=\"admin\" \/>\n\t<meta name=\"twitter:label2\" content=\"Dur\u00e9e de lecture estim\u00e9e\" \/>\n\t<meta name=\"twitter:data2\" content=\"3 minutes\" \/>\n<script type=\"application\/ld+json\" class=\"yoast-schema-graph\">{\"@context\":\"https:\/\/schema.org\",\"@graph\":[{\"@type\":\"Article\",\"@id\":\"https:\/\/ateliers.grandpalaisrmn.fr\/blog\/la-renommee-chantier-au-versailles\/#article\",\"isPartOf\":{\"@id\":\"https:\/\/ateliers.grandpalaisrmn.fr\/blog\/la-renommee-chantier-au-versailles\/\"},\"author\":{\"name\":\"admin\",\"@id\":\"https:\/\/ateliers.grandpalaisrmn.fr\/blog\/#\/schema\/person\/5093d0a42f68a4ca5eaadb7e965c5b19\"},\"headline\":\"Carnet de bord : chantier de la Renomm\u00e9e I\",\"datePublished\":\"2020-05-25T17:28:31+00:00\",\"dateModified\":\"2026-03-04T10:36:05+00:00\",\"mainEntityOfPage\":{\"@id\":\"https:\/\/ateliers.grandpalaisrmn.fr\/blog\/la-renommee-chantier-au-versailles\/\"},\"wordCount\":339,\"commentCount\":4,\"image\":{\"@id\":\"https:\/\/ateliers.grandpalaisrmn.fr\/blog\/la-renommee-chantier-au-versailles\/#primaryimage\"},\"thumbnailUrl\":\"https:\/\/ateliers.grandpalaisrmn.fr\/blog\/wp-content\/uploads\/2020\/05\/WhatsApp-Image-2020-05-25-at-10.53.25-1.jpeg\",\"articleSection\":[\"Prise d'empreinte\",\"Savoir-faire\"],\"inLanguage\":\"fr-FR\",\"potentialAction\":[{\"@type\":\"CommentAction\",\"name\":\"Comment\",\"target\":[\"https:\/\/ateliers.grandpalaisrmn.fr\/blog\/la-renommee-chantier-au-versailles\/#respond\"]}]},{\"@type\":\"WebPage\",\"@id\":\"https:\/\/ateliers.grandpalaisrmn.fr\/blog\/la-renommee-chantier-au-versailles\/\",\"url\":\"https:\/\/ateliers.grandpalaisrmn.fr\/blog\/la-renommee-chantier-au-versailles\/\",\"name\":\"Carnet de bord : chantier de la Renomm\u00e9e I - Actualit\u00e9 des Ateliers d\u2019Art des Mus\u00e9es nationaux\",\"isPartOf\":{\"@id\":\"https:\/\/ateliers.grandpalaisrmn.fr\/blog\/#website\"},\"primaryImageOfPage\":{\"@id\":\"https:\/\/ateliers.grandpalaisrmn.fr\/blog\/la-renommee-chantier-au-versailles\/#primaryimage\"},\"image\":{\"@id\":\"https:\/\/ateliers.grandpalaisrmn.fr\/blog\/la-renommee-chantier-au-versailles\/#primaryimage\"},\"thumbnailUrl\":\"https:\/\/ateliers.grandpalaisrmn.fr\/blog\/wp-content\/uploads\/2020\/05\/WhatsApp-Image-2020-05-25-at-10.53.25-1.jpeg\",\"datePublished\":\"2020-05-25T17:28:31+00:00\",\"dateModified\":\"2026-03-04T10:36:05+00:00\",\"author\":{\"@id\":\"https:\/\/ateliers.grandpalaisrmn.fr\/blog\/#\/schema\/person\/5093d0a42f68a4ca5eaadb7e965c5b19\"},\"breadcrumb\":{\"@id\":\"https:\/\/ateliers.grandpalaisrmn.fr\/blog\/la-renommee-chantier-au-versailles\/#breadcrumb\"},\"inLanguage\":\"fr-FR\",\"potentialAction\":[{\"@type\":\"ReadAction\",\"target\":[\"https:\/\/ateliers.grandpalaisrmn.fr\/blog\/la-renommee-chantier-au-versailles\/\"]}]},{\"@type\":\"ImageObject\",\"inLanguage\":\"fr-FR\",\"@id\":\"https:\/\/ateliers.grandpalaisrmn.fr\/blog\/la-renommee-chantier-au-versailles\/#primaryimage\",\"url\":\"https:\/\/ateliers.grandpalaisrmn.fr\/blog\/wp-content\/uploads\/2020\/05\/WhatsApp-Image-2020-05-25-at-10.53.25-1.jpeg\",\"contentUrl\":\"https:\/\/ateliers.grandpalaisrmn.fr\/blog\/wp-content\/uploads\/2020\/05\/WhatsApp-Image-2020-05-25-at-10.53.25-1.jpeg\",\"width\":1200,\"height\":1599},{\"@type\":\"BreadcrumbList\",\"@id\":\"https:\/\/ateliers.grandpalaisrmn.fr\/blog\/la-renommee-chantier-au-versailles\/#breadcrumb\",\"itemListElement\":[{\"@type\":\"ListItem\",\"position\":1,\"name\":\"Home\",\"item\":\"https:\/\/ateliers.grandpalaisrmn.fr\/blog\/\"},{\"@type\":\"ListItem\",\"position\":2,\"name\":\"Carnet de bord : chantier de la Renomm\u00e9e I\"}]},{\"@type\":\"WebSite\",\"@id\":\"https:\/\/ateliers.grandpalaisrmn.fr\/blog\/#website\",\"url\":\"https:\/\/ateliers.grandpalaisrmn.fr\/blog\/\",\"name\":\"Actualit\u00e9 des Ateliers d\u2019Art des Mus\u00e9es nationaux\",\"description\":\"\",\"potentialAction\":[{\"@type\":\"SearchAction\",\"target\":{\"@type\":\"EntryPoint\",\"urlTemplate\":\"https:\/\/ateliers.grandpalaisrmn.fr\/blog\/?s={search_term_string}\"},\"query-input\":{\"@type\":\"PropertyValueSpecification\",\"valueRequired\":true,\"valueName\":\"search_term_string\"}}],\"inLanguage\":\"fr-FR\"},{\"@type\":\"Person\",\"@id\":\"https:\/\/ateliers.grandpalaisrmn.fr\/blog\/#\/schema\/person\/5093d0a42f68a4ca5eaadb7e965c5b19\",\"name\":\"admin\",\"image\":{\"@type\":\"ImageObject\",\"inLanguage\":\"fr-FR\",\"@id\":\"https:\/\/ateliers.grandpalaisrmn.fr\/blog\/#\/schema\/person\/image\/\",\"url\":\"https:\/\/secure.gravatar.com\/avatar\/b080e5062b580b283fd7217d271a7fdcbfee577db3562733609242ad3a91ab20?s=96&d=mm&r=g\",\"contentUrl\":\"https:\/\/secure.gravatar.com\/avatar\/b080e5062b580b283fd7217d271a7fdcbfee577db3562733609242ad3a91ab20?s=96&d=mm&r=g\",\"caption\":\"admin\"},\"url\":\"https:\/\/ateliers.grandpalaisrmn.fr\/blog\/author\/blog-admin_ateliers\/\"}]}<\/script>\n<!-- \/ Yoast SEO plugin. -->","yoast_head_json":{"title":"Carnet de bord : chantier de la Renomm\u00e9e I - Actualit\u00e9 des Ateliers d\u2019Art des Mus\u00e9es nationaux","robots":{"index":"index","follow":"follow","max-snippet":"max-snippet:-1","max-image-preview":"max-image-preview:large","max-video-preview":"max-video-preview:-1"},"canonical":"https:\/\/ateliers.grandpalaisrmn.fr\/blog\/la-renommee-chantier-au-versailles\/","og_locale":"fr_FR","og_type":"article","og_title":"Carnet de bord : chantier de la Renomm\u00e9e I - Actualit\u00e9 des Ateliers d\u2019Art des Mus\u00e9es nationaux","og_description":"En 2008, l\u2019Atelier de moulage s\u2019est vu confi\u00e9 le projet de remplacement des sculptures originales du parc du ch\u00e2teau de Versailles. Depuis, nos experts ont r\u00e9alis\u00e9 plus que quatre-vingt\u00a0prises d\u2019empreinte sur les marbres originaux permettant ainsi des reproductions d\u2019une tr\u00e8s grande fid\u00e9lit\u00e9. Aujourd\u2019hui, nous allons vous pr\u00e9senter le nouveau chantier de l\u2019Atelier de Moulage pour Lire la suite...","og_url":"https:\/\/ateliers.grandpalaisrmn.fr\/blog\/la-renommee-chantier-au-versailles\/","og_site_name":"Actualit\u00e9 des Ateliers d\u2019Art des Mus\u00e9es nationaux","article_published_time":"2020-05-25T17:28:31+00:00","article_modified_time":"2026-03-04T10:36:05+00:00","og_image":[{"width":1200,"height":1599,"url":"https:\/\/ateliers.grandpalaisrmn.fr\/blog\/wp-content\/uploads\/2020\/05\/WhatsApp-Image-2020-05-25-at-10.53.25-1.jpeg","type":"image\/jpeg"}],"author":"admin","twitter_card":"summary_large_image","twitter_misc":{"\u00c9crit par":"admin","Dur\u00e9e de lecture estim\u00e9e":"3 minutes"},"schema":{"@context":"https:\/\/schema.org","@graph":[{"@type":"Article","@id":"https:\/\/ateliers.grandpalaisrmn.fr\/blog\/la-renommee-chantier-au-versailles\/#article","isPartOf":{"@id":"https:\/\/ateliers.grandpalaisrmn.fr\/blog\/la-renommee-chantier-au-versailles\/"},"author":{"name":"admin","@id":"https:\/\/ateliers.grandpalaisrmn.fr\/blog\/#\/schema\/person\/5093d0a42f68a4ca5eaadb7e965c5b19"},"headline":"Carnet de bord : chantier de la Renomm\u00e9e I","datePublished":"2020-05-25T17:28:31+00:00","dateModified":"2026-03-04T10:36:05+00:00","mainEntityOfPage":{"@id":"https:\/\/ateliers.grandpalaisrmn.fr\/blog\/la-renommee-chantier-au-versailles\/"},"wordCount":339,"commentCount":4,"image":{"@id":"https:\/\/ateliers.grandpalaisrmn.fr\/blog\/la-renommee-chantier-au-versailles\/#primaryimage"},"thumbnailUrl":"https:\/\/ateliers.grandpalaisrmn.fr\/blog\/wp-content\/uploads\/2020\/05\/WhatsApp-Image-2020-05-25-at-10.53.25-1.jpeg","articleSection":["Prise d'empreinte","Savoir-faire"],"inLanguage":"fr-FR","potentialAction":[{"@type":"CommentAction","name":"Comment","target":["https:\/\/ateliers.grandpalaisrmn.fr\/blog\/la-renommee-chantier-au-versailles\/#respond"]}]},{"@type":"WebPage","@id":"https:\/\/ateliers.grandpalaisrmn.fr\/blog\/la-renommee-chantier-au-versailles\/","url":"https:\/\/ateliers.grandpalaisrmn.fr\/blog\/la-renommee-chantier-au-versailles\/","name":"Carnet de bord : chantier de la Renomm\u00e9e I - Actualit\u00e9 des Ateliers d\u2019Art des Mus\u00e9es nationaux","isPartOf":{"@id":"https:\/\/ateliers.grandpalaisrmn.fr\/blog\/#website"},"primaryImageOfPage":{"@id":"https:\/\/ateliers.grandpalaisrmn.fr\/blog\/la-renommee-chantier-au-versailles\/#primaryimage"},"image":{"@id":"https:\/\/ateliers.grandpalaisrmn.fr\/blog\/la-renommee-chantier-au-versailles\/#primaryimage"},"thumbnailUrl":"https:\/\/ateliers.grandpalaisrmn.fr\/blog\/wp-content\/uploads\/2020\/05\/WhatsApp-Image-2020-05-25-at-10.53.25-1.jpeg","datePublished":"2020-05-25T17:28:31+00:00","dateModified":"2026-03-04T10:36:05+00:00","author":{"@id":"https:\/\/ateliers.grandpalaisrmn.fr\/blog\/#\/schema\/person\/5093d0a42f68a4ca5eaadb7e965c5b19"},"breadcrumb":{"@id":"https:\/\/ateliers.grandpalaisrmn.fr\/blog\/la-renommee-chantier-au-versailles\/#breadcrumb"},"inLanguage":"fr-FR","potentialAction":[{"@type":"ReadAction","target":["https:\/\/ateliers.grandpalaisrmn.fr\/blog\/la-renommee-chantier-au-versailles\/"]}]},{"@type":"ImageObject","inLanguage":"fr-FR","@id":"https:\/\/ateliers.grandpalaisrmn.fr\/blog\/la-renommee-chantier-au-versailles\/#primaryimage","url":"https:\/\/ateliers.grandpalaisrmn.fr\/blog\/wp-content\/uploads\/2020\/05\/WhatsApp-Image-2020-05-25-at-10.53.25-1.jpeg","contentUrl":"https:\/\/ateliers.grandpalaisrmn.fr\/blog\/wp-content\/uploads\/2020\/05\/WhatsApp-Image-2020-05-25-at-10.53.25-1.jpeg","width":1200,"height":1599},{"@type":"BreadcrumbList","@id":"https:\/\/ateliers.grandpalaisrmn.fr\/blog\/la-renommee-chantier-au-versailles\/#breadcrumb","itemListElement":[{"@type":"ListItem","position":1,"name":"Home","item":"https:\/\/ateliers.grandpalaisrmn.fr\/blog\/"},{"@type":"ListItem","position":2,"name":"Carnet de bord : chantier de la Renomm\u00e9e I"}]},{"@type":"WebSite","@id":"https:\/\/ateliers.grandpalaisrmn.fr\/blog\/#website","url":"https:\/\/ateliers.grandpalaisrmn.fr\/blog\/","name":"Actualit\u00e9 des Ateliers d\u2019Art des Mus\u00e9es nationaux","description":"","potentialAction":[{"@type":"SearchAction","target":{"@type":"EntryPoint","urlTemplate":"https:\/\/ateliers.grandpalaisrmn.fr\/blog\/?s={search_term_string}"},"query-input":{"@type":"PropertyValueSpecification","valueRequired":true,"valueName":"search_term_string"}}],"inLanguage":"fr-FR"},{"@type":"Person","@id":"https:\/\/ateliers.grandpalaisrmn.fr\/blog\/#\/schema\/person\/5093d0a42f68a4ca5eaadb7e965c5b19","name":"admin","image":{"@type":"ImageObject","inLanguage":"fr-FR","@id":"https:\/\/ateliers.grandpalaisrmn.fr\/blog\/#\/schema\/person\/image\/","url":"https:\/\/secure.gravatar.com\/avatar\/b080e5062b580b283fd7217d271a7fdcbfee577db3562733609242ad3a91ab20?s=96&d=mm&r=g","contentUrl":"https:\/\/secure.gravatar.com\/avatar\/b080e5062b580b283fd7217d271a7fdcbfee577db3562733609242ad3a91ab20?s=96&d=mm&r=g","caption":"admin"},"url":"https:\/\/ateliers.grandpalaisrmn.fr\/blog\/author\/blog-admin_ateliers\/"}]}},"_links":{"self":[{"href":"https:\/\/ateliers.grandpalaisrmn.fr\/blog\/wp-json\/wp\/v2\/posts\/358","targetHints":{"allow":["GET"]}}],"collection":[{"href":"https:\/\/ateliers.grandpalaisrmn.fr\/blog\/wp-json\/wp\/v2\/posts"}],"about":[{"href":"https:\/\/ateliers.grandpalaisrmn.fr\/blog\/wp-json\/wp\/v2\/types\/post"}],"author":[{"embeddable":true,"href":"https:\/\/ateliers.grandpalaisrmn.fr\/blog\/wp-json\/wp\/v2\/users\/1"}],"replies":[{"embeddable":true,"href":"https:\/\/ateliers.grandpalaisrmn.fr\/blog\/wp-json\/wp\/v2\/comments?post=358"}],"version-history":[{"count":31,"href":"https:\/\/ateliers.grandpalaisrmn.fr\/blog\/wp-json\/wp\/v2\/posts\/358\/revisions"}],"predecessor-version":[{"id":419,"href":"https:\/\/ateliers.grandpalaisrmn.fr\/blog\/wp-json\/wp\/v2\/posts\/358\/revisions\/419"}],"wp:featuredmedia":[{"embeddable":true,"href":"https:\/\/ateliers.grandpalaisrmn.fr\/blog\/wp-json\/wp\/v2\/media\/377"}],"wp:attachment":[{"href":"https:\/\/ateliers.grandpalaisrmn.fr\/blog\/wp-json\/wp\/v2\/media?parent=358"}],"wp:term":[{"taxonomy":"category","embeddable":true,"href":"https:\/\/ateliers.grandpalaisrmn.fr\/blog\/wp-json\/wp\/v2\/categories?post=358"},{"taxonomy":"post_tag","embeddable":true,"href":"https:\/\/ateliers.grandpalaisrmn.fr\/blog\/wp-json\/wp\/v2\/tags?post=358"}],"curies":[{"name":"wp","href":"https:\/\/api.w.org\/{rel}","templated":true}]}}